{"id":2920,"date":"2018-09-14T11:24:31","date_gmt":"2018-09-14T11:24:31","guid":{"rendered":"https:\/\/blog.alps2alps.com\/?p=2920"},"modified":"2020-01-29T16:42:38","modified_gmt":"2020-01-29T16:42:38","slug":"whats-new-alps-this-season","status":"publish","type":"post","link":"https:\/\/testwp.alps2alps.com\/blog\/whats-new-alps-this-season","title":{"rendered":"What\u2019s New in the Alps this Season?"},"content":{"rendered":"<p><img decoding=\"async\" class=\"aligncenter size-large wp-image-3260 lazyload\" data-src=\"https:\/\/blog.alps2alps.com\/wp-content\/uploads\/2018\/09\/What\u2019s-New-in-the-Alps-this-Season_-1024x512.jpg\" alt=\"\" width=\"785\" height=\"393\" data-srcset=\"http:\/\/testwp.alps2alps.com\/blog\/wp-content\/uploads\/2018\/09\/What\u2019s-New-in-the-Alps-this-Season_-1024x512.jpg 1024w, http:\/\/testwp.alps2alps.com\/blog\/wp-content\/uploads\/2018\/09\/What\u2019s-New-in-the-Alps-this-Season_-300x150.jpg 300w, http:\/\/testwp.alps2alps.com\/blog\/wp-content\/uploads\/2018\/09\/What\u2019s-New-in-the-Alps-this-Season_-768x384.jpg 768w, http:\/\/testwp.alps2alps.com\/blog\/wp-content\/uploads\/2018\/09\/What\u2019s-New-in-the-Alps-this-Season_.jpg 2000w\" data-sizes=\"(max-width: 785px) 100vw, 785px\" src=\"data:image\/gif;base64,R0lGODlhAQABAAAAACH5BAEKAAEALAAAAAABAAEAAAICTAEAOw==\" style=\"--smush-placeholder-width: 785px; --smush-placeholder-aspect-ratio: 785\/393;\" \/><noscript><img decoding=\"async\" class=\"aligncenter size-large wp-image-3260\" src=\"https:\/\/blog.alps2alps.com\/wp-content\/uploads\/2018\/09\/What\u2019s-New-in-the-Alps-this-Season_-1024x512.jpg\" alt=\"\" width=\"785\" height=\"393\" srcset=\"http:\/\/testwp.alps2alps.com\/blog\/wp-content\/uploads\/2018\/09\/What\u2019s-New-in-the-Alps-this-Season_-1024x512.jpg 1024w, http:\/\/testwp.alps2alps.com\/blog\/wp-content\/uploads\/2018\/09\/What\u2019s-New-in-the-Alps-this-Season_-300x150.jpg 300w, http:\/\/testwp.alps2alps.com\/blog\/wp-content\/uploads\/2018\/09\/What\u2019s-New-in-the-Alps-this-Season_-768x384.jpg 768w, http:\/\/testwp.alps2alps.com\/blog\/wp-content\/uploads\/2018\/09\/What\u2019s-New-in-the-Alps-this-Season_.jpg 2000w\" sizes=\"(max-width: 785px) 100vw, 785px\" \/><\/noscript><\/p>\n<p>The winter season is fast approaching!<\/p>\n<p>It\u2019s almost that time of year again \u2013 there\u2019ll be guaranteed snow and people all around the world will be flooding into the mountains.<\/p>\n<p>As with each new season, there are new developments which serve to further everyone\u2019s experience. These can range from the addition of an extra ski lift to a full-blown music festival.<\/p>\n<p>Here\u2019s our guide on <strong>what\u2019s new in the Alps this season<\/strong>:<\/p>\n<h2>What\u2019s Happening in the French Alps?<\/h2>\n<p>The French Alps are known for their tall peaks and varied terrain. They also house some of the best-known ski resorts the Alps have to offer.<\/p>\n<p>This upcoming season sees these resorts add some new ski runs, ski lifts, and even entire ski areas, as well as a large-scale music festival.<\/p>\n<h3>Val Thorens<\/h3>\n<p>It\u2019s only fitting that we start with the most famous of the French ski resorts!<\/p>\n<p><a href=\"https:\/\/www.alps2alps.com\/en\/ski-transfer-destinations\/fr\/val-thorens\">Val Thorens is one of the largest ski areas in the Northern Alps<\/a>, and yet it\u2019s still looking to expand its scope, with two new runs being added to the resort\u2019s ski area.<\/p>\n<p>The first run extends to a length of 3.2km, leading from La Cime Caron, and is said to cater to all skill levels.<\/p>\n<p>The second is a black run located in the Boismint sector \u2013 it\u2019s safe to say we wouldn\u2019t advise this run just yet if you\u2019re a casual skier.<\/p>\n<p>Speaking of high octane thrills and expanding their scope, the resort is implementing a brand-new double zip-line, starting from the Moutiers and landing in the Place Caron area.<\/p>\n<p>The resort already holds the crown when it comes to the height of their zipwire, but now they\u2019re looking to extend the length of the ride too. It will extend to around 1.6km, giving you more time to take in the stunning views at dizzying heights \u2013 there\u2019s even room for a companion!<\/p>\n<h3>La Rosi\u00e8re<\/h3>\n<p><a href=\"https:\/\/www.alps2alps.com\/en\/ski-transfer-destinations\/fr\/la-rosiere-1850\">La Rosi\u00e8re is located near the Mont Blanc and Vanoise mountain ranges<\/a>, and stands at an altitude of 1,850m above sea level. While already impressive, the resort is still looking to expand further.<\/p>\n<p>The expansion of their Espace San Bernardo ski area will include five red pistes, two new 6-seater lifts, and the new Mount-Valaisan peak, raising the altitude up to 2.8km.<\/p>\n<p>More altitude, more snow, more free riding opportunities!<\/p>\n<h3>Les Gets<\/h3>\n<p><a href=\"https:\/\/www.alps2alps.com\/en\/ski-transfer-destinations\/fr\/les-gets\">Les Gets forms part of the Port du Soleil<\/a>, which is also referred to as Europe\u2019s largest ski area and is known for its friendly and welcoming nature.<\/p>\n<p>The resort is well suited to beginners and is hoping to maintain its reputation with a new blue ski run. Its installation is aimed for the upcoming season, with easy access from the entrance of the village through the Perri\u00e8res Express chairlift.<\/p>\n<h3>Courchevel<\/h3>\n<p><a href=\"https:\/\/www.alps2alps.com\/en\/ski-transfer-destinations\/fr\/courchevel\">Considered one of the most popular resorts in France<\/a>, Courchevel is hoping to make a few updates to its already luxurious resorts.<\/p>\n<p>The current 4-seater cabin lifts are looking at an upgrade for the winter season. Instead of transporting 4 people at a time, the new lifts will be able to take 10.<\/p>\n<p>Overall, they\u2019ll be able to take around 2,400 people an hour, which means less queuing and reaching the slopes sooner!<\/p>\n<h3>Alpe d\u2019Huez<\/h3>\n<p><a href=\"https:\/\/www.alps2alps.com\/en\/ski-transfer-destinations\/fr\/alpe-dhuez\">The largest mountain resort in France<\/a>, Alpe d\u2019Huez is the perfect place to <a href=\"https:\/\/global.tomorrowland.com\/\" target=\"_blank\" rel=\"noopener noreferrer\">host the Tomorrowland festival!<\/a><\/p>\n<p>This will be a first for the festival, having never hosted a winter event in the Alps previously. While the full details are yet to be announced, you can rest assured some of the biggest and best will be taking part.<\/p>\n<p>The details we do know, however, is that it will take place between the 9th-16th of March 2019, so there\u2019s plenty of time to book your tickets!<\/p>\n<p><img decoding=\"async\" class=\"alignnone size-full wp-image-2924 lazyload\" data-src=\"https:\/\/blog.alps2alps.com\/wp-content\/uploads\/2018\/09\/Festival-Scenes-min.jpg\" alt=\"People at a festival\" width=\"6720\" height=\"4480\" data-srcset=\"http:\/\/testwp.alps2alps.com\/blog\/wp-content\/uploads\/2018\/09\/Festival-Scenes-min.jpg 6720w, http:\/\/testwp.alps2alps.com\/blog\/wp-content\/uploads\/2018\/09\/Festival-Scenes-min-300x200.jpg 300w, http:\/\/testwp.alps2alps.com\/blog\/wp-content\/uploads\/2018\/09\/Festival-Scenes-min-768x512.jpg 768w, http:\/\/testwp.alps2alps.com\/blog\/wp-content\/uploads\/2018\/09\/Festival-Scenes-min-1024x683.jpg 1024w\" data-sizes=\"(max-width: 6720px) 100vw, 6720px\" src=\"data:image\/gif;base64,R0lGODlhAQABAAAAACH5BAEKAAEALAAAAAABAAEAAAICTAEAOw==\" style=\"--smush-placeholder-width: 6720px; --smush-placeholder-aspect-ratio: 6720\/4480;\" \/><noscript><img decoding=\"async\" class=\"alignnone size-full wp-image-2924\" src=\"https:\/\/blog.alps2alps.com\/wp-content\/uploads\/2018\/09\/Festival-Scenes-min.jpg\" alt=\"People at a festival\" width=\"6720\" height=\"4480\" srcset=\"http:\/\/testwp.alps2alps.com\/blog\/wp-content\/uploads\/2018\/09\/Festival-Scenes-min.jpg 6720w, http:\/\/testwp.alps2alps.com\/blog\/wp-content\/uploads\/2018\/09\/Festival-Scenes-min-300x200.jpg 300w, http:\/\/testwp.alps2alps.com\/blog\/wp-content\/uploads\/2018\/09\/Festival-Scenes-min-768x512.jpg 768w, http:\/\/testwp.alps2alps.com\/blog\/wp-content\/uploads\/2018\/09\/Festival-Scenes-min-1024x683.jpg 1024w\" sizes=\"(max-width: 6720px) 100vw, 6720px\" \/><\/noscript><\/p>\n<h3>Les Deux Alpes<\/h3>\n<p><a href=\"https:\/\/www.alps2alps.com\/en\/ski-transfer-destinations\/fr\/les-deux-alpes\">Another ski resort renowned for its size<\/a>, as well as possessing Europe\u2019s largest skiable glacier, Les Deux Alpes is implementing a new detachable chair lift, equipped to seat 8 people.<\/p>\n<p>This new lift will replace the previous 2 and is aimed for completion before the end of the year.<\/p>\n<p>Early next year will also see a surge of investment into the main ski area, with new chair lifts being installed. The area will be rearranged to help clear crowds and provide easier access to other snow sport areas, so visitors can truly get the best experience possible out of the resort.<\/p>\n<h3 style=\"text-align: center;\">You may also like: <a class=\"color-button red\" href=\"https:\/\/blog.alps2alps.com\/pre-season-ski-shopping-list\/\">What Should Be On Your Pre-Season Ski Shopping List?<\/a><\/h3>\n<h2>The Winter Season in Austria<\/h2>\n<p>Our next stop is the Austrian Alps, which is well renowned for its consistently excellent weather, breath-taking vertical drops and, above all, its hospitality.<\/p>\n<p>Here\u2019s what you can expect this upcoming winter:<\/p>\n<h3>Mayrhofen<\/h3>\n<p>This Austrian resort strikes the balance between <a href=\"https:\/\/www.alps2alps.com\/en\/ski-transfer-destinations\/at\/mayrhofen-zillertal-superski\">traditional aesthetics with modern and contemporary facilities.<\/a><\/p>\n<p>Pushing their technological prowess further to better accommodate its visitors, the resort is installing a new 10-person gondola. Not only will this free up queue times but will also open access to a further 1.2km of ski pistes.<\/p>\n<p>There will also be new accommodation opportunities to look forward to because of the better access. This may mean more visitors, but the new ski lifts and improved access will ensure less congestion.<\/p>\n<h3>Kitzb\u00fchel<\/h3>\n<p><a href=\"https:\/\/www.alps2alps.com\/en\/ski-transfer-destinations\/at\/kitzbuhel\">Kitzb\u00fchel is undoubtedly one of the most popular ski resorts in the world<\/a>, and for good reason! Its architecture is beautiful, the resort is family friendly, and there\u2019s a variety of activities on offer outside of skiing.<\/p>\n<p>This upcoming season sees the introduction of two new lifts, offering faster travel times in conjunction with better facilities to ensure maximum comfort.<\/p>\n<p>Not only are you spared less time queuing but your journey to the slopes will be more comfortable. The lifts will be equipped with heated seats, covers, mechanical safety bars and special wind stabilisers to reduce wind sensitivity.<\/p>\n<p>The usual travel time of 11 minutes is now reduced to 3.5, and the lift will take up to 10 people, meaning less congestion.<\/p>\n<p><img decoding=\"async\" class=\"alignnone size-full wp-image-2925 lazyload\" data-src=\"https:\/\/blog.alps2alps.com\/wp-content\/uploads\/2018\/09\/Ski-Lifts-in-Mist-min.jpg\" alt=\"Ski lifts going back and forth\" width=\"967\" height=\"725\" data-srcset=\"http:\/\/testwp.alps2alps.com\/blog\/wp-content\/uploads\/2018\/09\/Ski-Lifts-in-Mist-min.jpg 967w, http:\/\/testwp.alps2alps.com\/blog\/wp-content\/uploads\/2018\/09\/Ski-Lifts-in-Mist-min-300x225.jpg 300w, http:\/\/testwp.alps2alps.com\/blog\/wp-content\/uploads\/2018\/09\/Ski-Lifts-in-Mist-min-768x576.jpg 768w\" data-sizes=\"(max-width: 967px) 100vw, 967px\" src=\"data:image\/gif;base64,R0lGODlhAQABAAAAACH5BAEKAAEALAAAAAABAAEAAAICTAEAOw==\" style=\"--smush-placeholder-width: 967px; --smush-placeholder-aspect-ratio: 967\/725;\" \/><noscript><img decoding=\"async\" class=\"alignnone size-full wp-image-2925\" src=\"https:\/\/blog.alps2alps.com\/wp-content\/uploads\/2018\/09\/Ski-Lifts-in-Mist-min.jpg\" alt=\"Ski lifts going back and forth\" width=\"967\" height=\"725\" srcset=\"http:\/\/testwp.alps2alps.com\/blog\/wp-content\/uploads\/2018\/09\/Ski-Lifts-in-Mist-min.jpg 967w, http:\/\/testwp.alps2alps.com\/blog\/wp-content\/uploads\/2018\/09\/Ski-Lifts-in-Mist-min-300x225.jpg 300w, http:\/\/testwp.alps2alps.com\/blog\/wp-content\/uploads\/2018\/09\/Ski-Lifts-in-Mist-min-768x576.jpg 768w\" sizes=\"(max-width: 967px) 100vw, 967px\" \/><\/noscript><\/p>\n<h2>What to Expect from the Swiss Alps this Season<\/h2>\n<p>Moving onto the Swiss Alps, the home of high peaks and cool valleys, we see the introduction of a new project to further improve the visitor experience in one of the highest rated resorts in the country.<\/p>\n<h3>Zermatt<\/h3>\n<p>Which resort has the best combination of Alpine charm, wonderful cuisine and guaranteed snow? There are a few which fit the description, and <a href=\"https:\/\/www.alps2alps.com\/en\/ski-transfer-destinations\/ch\/zermatt\">Zermatt most definitely deserves to be in the conversation.<\/a><\/p>\n<p>Putting the visitor at the forefront, Zermatt has initiated the 3S project. The project involves speedy access to the Klein Matterhorn \u2013 the cabin itself is far more modernised to ensure the ride is quicker and more comfortable.<\/p>\n<p>The lift will work alongside the existing cableway and take on even more passengers, hoping to increase the number of passengers taken per hour to 2000.<\/p>\n<p>Access to the highest cable car station in Europe will now be quicker, smoother and more comfortable than ever by the beginning of the next winter season.<\/p>\n<p>Now you know everything new that\u2019s happening in the upcoming season, we would recommend booking a trip to your preferred resort as soon as possible to avoid missing out! We offer low cost private transfers to all the resorts mentioned \u2013 so, <a href=\"https:\/\/www.alps2alps.com\/\">book your transfer<\/a> and make the most out the upcoming ski season!<\/p>\n","protected":false},"excerpt":{"rendered":"<p>The winter season is fast approaching! It\u2019s almost that time of year again \u2013 there\u2019ll be guaranteed snow and people all around the world will be flooding into the mountains. As with each new season, there are new developments which serve to further everyone\u2019s experience. These can range from the addition of an extra ski lift to a full-blown music festival. Here\u2019s our guide on what\u2019s new in the Alps this season: What\u2019s Happening in the French Alps? The French&#8230;<\/p>\n<p class=\"read-more\"><a class=\"btn btn-default\" href=\"https:\/\/testwp.alps2alps.com\/blog\/whats-new-alps-this-season\"> Read More<span class=\"screen-reader-text\">  Read More<\/span><\/a><\/p>\n","protected":false},"author":15,"featured_media":3260,"comment_status":"closed","ping_status":"closed","sticky":false,"template":"","format":"standard","meta":{"_monsterinsights_skip_tracking":false,"_monsterinsights_sitenote_active":false,"_monsterinsights_sitenote_note":"","_monsterinsights_sitenote_category":0,"footnotes":""},"categories":[1,416,165,39,6,16,417,415,414],"tags":[],"class_list":["post-2920","post","type-post","status-publish","format-standard","has-post-thumbnail","hentry","category-uncategorized","category-austrian-alps","category-events","category-french-alps","category-ski-resorts","category-ski-trips","category-swiss-alps","category-whats-new","category-winter-season"],"yoast_head":"<!-- This site is optimized with the Yoast SEO plugin v23.5 - https:\/\/yoast.com\/wordpress\/plugins\/seo\/ -->\n<title>What\u2019s New in the Alps this Season? - Alps2Alps Transfer Blog<\/title>\n<meta name=\"description\" content=\"Looking forward to the upcoming ski season? Read on to find out what&#039;s new across the Alps this winter.\" \/>\n<meta name=\"robots\" content=\"noindex, follow, max-snippet:-1, max-image-preview:large, max-video-preview:-1\" \/>\n<meta property=\"og:locale\" content=\"en_US\" \/>\n<meta property=\"og:type\" content=\"article\" \/>\n<meta property=\"og:title\" content=\"What\u2019s New in the Alps this Season? - Alps2Alps Transfer Blog\" \/>\n<meta property=\"og:description\" content=\"Looking forward to the upcoming ski season? Read on to find out what&#039;s new across the Alps this winter.\" \/>\n<meta property=\"og:url\" content=\"https:\/\/testwp.alps2alps.com\/blog\/whats-new-alps-this-season\" \/>\n<meta property=\"og:site_name\" content=\"Alps2Alps Transfer Blog\" \/>\n<meta property=\"article:publisher\" content=\"https:\/\/www.facebook.com\/Alps2Alps\" \/>\n<meta property=\"article:published_time\" content=\"2018-09-14T11:24:31+00:00\" \/>\n<meta property=\"article:modified_time\" content=\"2020-01-29T16:42:38+00:00\" \/>\n<meta property=\"og:image\" content=\"https:\/\/testwp.alps2alps.com\/blog\/wp-content\/uploads\/2018\/09\/What\u2019s-New-in-the-Alps-this-Season_.jpg\" \/>\n\t<meta property=\"og:image:width\" content=\"2000\" \/>\n\t<meta property=\"og:image:height\" content=\"1000\" \/>\n\t<meta property=\"og:image:type\" content=\"image\/jpeg\" \/>\n<meta name=\"author\" content=\"M\u0101rti\u0146\u0161 Heize\" \/>\n<meta name=\"twitter:card\" content=\"summary_large_image\" \/>\n<meta name=\"twitter:creator\" content=\"@Alps2Alps\" \/>\n<meta name=\"twitter:site\" content=\"@Alps2Alps\" \/>\n<meta name=\"twitter:label1\" content=\"Written by\" \/>\n\t<meta name=\"twitter:data1\" content=\"M\u0101rti\u0146\u0161 Heize\" \/>\n\t<meta name=\"twitter:label2\" content=\"Est. reading time\" \/>\n\t<meta name=\"twitter:data2\" content=\"6 minutes\" \/>\n<script type=\"application\/ld+json\" class=\"yoast-schema-graph\">{\"@context\":\"https:\/\/schema.org\",\"@graph\":[{\"@type\":\"Article\",\"@id\":\"https:\/\/testwp.alps2alps.com\/blog\/whats-new-alps-this-season#article\",\"isPartOf\":{\"@id\":\"https:\/\/testwp.alps2alps.com\/blog\/whats-new-alps-this-season\"},\"author\":{\"name\":\"M\u0101rti\u0146\u0161 Heize\",\"@id\":\"https:\/\/testwp.alps2alps.com\/blog\/#\/schema\/person\/da57083551830057edfd3a924aedbc93\"},\"headline\":\"What\u2019s New in the Alps this Season?\",\"datePublished\":\"2018-09-14T11:24:31+00:00\",\"dateModified\":\"2020-01-29T16:42:38+00:00\",\"mainEntityOfPage\":{\"@id\":\"https:\/\/testwp.alps2alps.com\/blog\/whats-new-alps-this-season\"},\"wordCount\":1225,\"publisher\":{\"@id\":\"https:\/\/testwp.alps2alps.com\/blog\/#organization\"},\"image\":{\"@id\":\"https:\/\/testwp.alps2alps.com\/blog\/whats-new-alps-this-season#primaryimage\"},\"thumbnailUrl\":\"https:\/\/testwp.alps2alps.com\/blog\/wp-content\/uploads\/2018\/09\/What\u2019s-New-in-the-Alps-this-Season_.jpg\",\"articleSection\":[\"Alps, ski resorts, travel\",\"Austrian Alps\",\"Events\",\"French Alps\",\"Ski Resorts\",\"Ski Trips\",\"Swiss Alps\",\"What's New?\",\"Winter Season\"],\"inLanguage\":\"en-US\"},{\"@type\":\"WebPage\",\"@id\":\"https:\/\/testwp.alps2alps.com\/blog\/whats-new-alps-this-season\",\"url\":\"https:\/\/testwp.alps2alps.com\/blog\/whats-new-alps-this-season\",\"name\":\"What\u2019s New in the Alps this Season? - Alps2Alps Transfer Blog\",\"isPartOf\":{\"@id\":\"https:\/\/testwp.alps2alps.com\/blog\/#website\"},\"primaryImageOfPage\":{\"@id\":\"https:\/\/testwp.alps2alps.com\/blog\/whats-new-alps-this-season#primaryimage\"},\"image\":{\"@id\":\"https:\/\/testwp.alps2alps.com\/blog\/whats-new-alps-this-season#primaryimage\"},\"thumbnailUrl\":\"https:\/\/testwp.alps2alps.com\/blog\/wp-content\/uploads\/2018\/09\/What\u2019s-New-in-the-Alps-this-Season_.jpg\",\"datePublished\":\"2018-09-14T11:24:31+00:00\",\"dateModified\":\"2020-01-29T16:42:38+00:00\",\"description\":\"Looking forward to the upcoming ski season? Read on to find out what's new across the Alps this winter.\",\"inLanguage\":\"en-US\",\"potentialAction\":[{\"@type\":\"ReadAction\",\"target\":[\"https:\/\/testwp.alps2alps.com\/blog\/whats-new-alps-this-season\"]}]},{\"@type\":\"ImageObject\",\"inLanguage\":\"en-US\",\"@id\":\"https:\/\/testwp.alps2alps.com\/blog\/whats-new-alps-this-season#primaryimage\",\"url\":\"https:\/\/testwp.alps2alps.com\/blog\/wp-content\/uploads\/2018\/09\/What\u2019s-New-in-the-Alps-this-Season_.jpg\",\"contentUrl\":\"https:\/\/testwp.alps2alps.com\/blog\/wp-content\/uploads\/2018\/09\/What\u2019s-New-in-the-Alps-this-Season_.jpg\",\"width\":2000,\"height\":1000},{\"@type\":\"WebSite\",\"@id\":\"https:\/\/testwp.alps2alps.com\/blog\/#website\",\"url\":\"https:\/\/testwp.alps2alps.com\/blog\/\",\"name\":\"Alps2Alps Transfer Blog\",\"description\":\"News, updates and gossip from the road up and down ski resorts\",\"publisher\":{\"@id\":\"https:\/\/testwp.alps2alps.com\/blog\/#organization\"},\"potentialAction\":[{\"@type\":\"SearchAction\",\"target\":{\"@type\":\"EntryPoint\",\"urlTemplate\":\"https:\/\/testwp.alps2alps.com\/blog\/?s={search_term_string}\"},\"query-input\":{\"@type\":\"PropertyValueSpecification\",\"valueRequired\":true,\"valueName\":\"search_term_string\"}}],\"inLanguage\":\"en-US\"},{\"@type\":\"Organization\",\"@id\":\"https:\/\/testwp.alps2alps.com\/blog\/#organization\",\"name\":\"Alps2Alps Transfer Blog\",\"url\":\"https:\/\/testwp.alps2alps.com\/blog\/\",\"logo\":{\"@type\":\"ImageObject\",\"inLanguage\":\"en-US\",\"@id\":\"https:\/\/testwp.alps2alps.com\/blog\/#\/schema\/logo\/image\/\",\"url\":\"https:\/\/www.alps2alps.com\/blog\/wp-content\/uploads\/2013\/08\/Alps2Alps-logo2.jpg\",\"contentUrl\":\"https:\/\/www.alps2alps.com\/blog\/wp-content\/uploads\/2013\/08\/Alps2Alps-logo2.jpg\",\"width\":400,\"height\":169,\"caption\":\"Alps2Alps Transfer Blog\"},\"image\":{\"@id\":\"https:\/\/testwp.alps2alps.com\/blog\/#\/schema\/logo\/image\/\"},\"sameAs\":[\"https:\/\/www.facebook.com\/Alps2Alps\",\"https:\/\/x.com\/Alps2Alps\"]},{\"@type\":\"Person\",\"@id\":\"https:\/\/testwp.alps2alps.com\/blog\/#\/schema\/person\/da57083551830057edfd3a924aedbc93\",\"name\":\"M\u0101rti\u0146\u0161 Heize\",\"image\":{\"@type\":\"ImageObject\",\"inLanguage\":\"en-US\",\"@id\":\"https:\/\/testwp.alps2alps.com\/blog\/#\/schema\/person\/image\/\",\"url\":\"https:\/\/secure.gravatar.com\/avatar\/f97af97d636aaefd4ed1e14c97cbb715?s=96&d=mm&r=g\",\"contentUrl\":\"https:\/\/secure.gravatar.com\/avatar\/f97af97d636aaefd4ed1e14c97cbb715?s=96&d=mm&r=g\",\"caption\":\"M\u0101rti\u0146\u0161 Heize\"}}]}<\/script>\n<!-- \/ Yoast SEO plugin. -->","yoast_head_json":{"title":"What\u2019s New in the Alps this Season? - Alps2Alps Transfer Blog","description":"Looking forward to the upcoming ski season? Read on to find out what's new across the Alps this winter.","robots":{"index":"noindex","follow":"follow","max-snippet":"max-snippet:-1","max-image-preview":"max-image-preview:large","max-video-preview":"max-video-preview:-1"},"og_locale":"en_US","og_type":"article","og_title":"What\u2019s New in the Alps this Season? - Alps2Alps Transfer Blog","og_description":"Looking forward to the upcoming ski season? Read on to find out what's new across the Alps this winter.","og_url":"https:\/\/testwp.alps2alps.com\/blog\/whats-new-alps-this-season","og_site_name":"Alps2Alps Transfer Blog","article_publisher":"https:\/\/www.facebook.com\/Alps2Alps","article_published_time":"2018-09-14T11:24:31+00:00","article_modified_time":"2020-01-29T16:42:38+00:00","og_image":[{"width":2000,"height":1000,"url":"https:\/\/testwp.alps2alps.com\/blog\/wp-content\/uploads\/2018\/09\/What\u2019s-New-in-the-Alps-this-Season_.jpg","type":"image\/jpeg"}],"author":"M\u0101rti\u0146\u0161 Heize","twitter_card":"summary_large_image","twitter_creator":"@Alps2Alps","twitter_site":"@Alps2Alps","twitter_misc":{"Written by":"M\u0101rti\u0146\u0161 Heize","Est. reading time":"6 minutes"},"schema":{"@context":"https:\/\/schema.org","@graph":[{"@type":"Article","@id":"https:\/\/testwp.alps2alps.com\/blog\/whats-new-alps-this-season#article","isPartOf":{"@id":"https:\/\/testwp.alps2alps.com\/blog\/whats-new-alps-this-season"},"author":{"name":"M\u0101rti\u0146\u0161 Heize","@id":"https:\/\/testwp.alps2alps.com\/blog\/#\/schema\/person\/da57083551830057edfd3a924aedbc93"},"headline":"What\u2019s New in the Alps this Season?","datePublished":"2018-09-14T11:24:31+00:00","dateModified":"2020-01-29T16:42:38+00:00","mainEntityOfPage":{"@id":"https:\/\/testwp.alps2alps.com\/blog\/whats-new-alps-this-season"},"wordCount":1225,"publisher":{"@id":"https:\/\/testwp.alps2alps.com\/blog\/#organization"},"image":{"@id":"https:\/\/testwp.alps2alps.com\/blog\/whats-new-alps-this-season#primaryimage"},"thumbnailUrl":"https:\/\/testwp.alps2alps.com\/blog\/wp-content\/uploads\/2018\/09\/What\u2019s-New-in-the-Alps-this-Season_.jpg","articleSection":["Alps, ski resorts, travel","Austrian Alps","Events","French Alps","Ski Resorts","Ski Trips","Swiss Alps","What's New?","Winter Season"],"inLanguage":"en-US"},{"@type":"WebPage","@id":"https:\/\/testwp.alps2alps.com\/blog\/whats-new-alps-this-season","url":"https:\/\/testwp.alps2alps.com\/blog\/whats-new-alps-this-season","name":"What\u2019s New in the Alps this Season? - Alps2Alps Transfer Blog","isPartOf":{"@id":"https:\/\/testwp.alps2alps.com\/blog\/#website"},"primaryImageOfPage":{"@id":"https:\/\/testwp.alps2alps.com\/blog\/whats-new-alps-this-season#primaryimage"},"image":{"@id":"https:\/\/testwp.alps2alps.com\/blog\/whats-new-alps-this-season#primaryimage"},"thumbnailUrl":"https:\/\/testwp.alps2alps.com\/blog\/wp-content\/uploads\/2018\/09\/What\u2019s-New-in-the-Alps-this-Season_.jpg","datePublished":"2018-09-14T11:24:31+00:00","dateModified":"2020-01-29T16:42:38+00:00","description":"Looking forward to the upcoming ski season? Read on to find out what's new across the Alps this winter.","inLanguage":"en-US","potentialAction":[{"@type":"ReadAction","target":["https:\/\/testwp.alps2alps.com\/blog\/whats-new-alps-this-season"]}]},{"@type":"ImageObject","inLanguage":"en-US","@id":"https:\/\/testwp.alps2alps.com\/blog\/whats-new-alps-this-season#primaryimage","url":"https:\/\/testwp.alps2alps.com\/blog\/wp-content\/uploads\/2018\/09\/What\u2019s-New-in-the-Alps-this-Season_.jpg","contentUrl":"https:\/\/testwp.alps2alps.com\/blog\/wp-content\/uploads\/2018\/09\/What\u2019s-New-in-the-Alps-this-Season_.jpg","width":2000,"height":1000},{"@type":"WebSite","@id":"https:\/\/testwp.alps2alps.com\/blog\/#website","url":"https:\/\/testwp.alps2alps.com\/blog\/","name":"Alps2Alps Transfer Blog","description":"News, updates and gossip from the road up and down ski resorts","publisher":{"@id":"https:\/\/testwp.alps2alps.com\/blog\/#organization"},"potentialAction":[{"@type":"SearchAction","target":{"@type":"EntryPoint","urlTemplate":"https:\/\/testwp.alps2alps.com\/blog\/?s={search_term_string}"},"query-input":{"@type":"PropertyValueSpecification","valueRequired":true,"valueName":"search_term_string"}}],"inLanguage":"en-US"},{"@type":"Organization","@id":"https:\/\/testwp.alps2alps.com\/blog\/#organization","name":"Alps2Alps Transfer Blog","url":"https:\/\/testwp.alps2alps.com\/blog\/","logo":{"@type":"ImageObject","inLanguage":"en-US","@id":"https:\/\/testwp.alps2alps.com\/blog\/#\/schema\/logo\/image\/","url":"https:\/\/www.alps2alps.com\/blog\/wp-content\/uploads\/2013\/08\/Alps2Alps-logo2.jpg","contentUrl":"https:\/\/www.alps2alps.com\/blog\/wp-content\/uploads\/2013\/08\/Alps2Alps-logo2.jpg","width":400,"height":169,"caption":"Alps2Alps Transfer Blog"},"image":{"@id":"https:\/\/testwp.alps2alps.com\/blog\/#\/schema\/logo\/image\/"},"sameAs":["https:\/\/www.facebook.com\/Alps2Alps","https:\/\/x.com\/Alps2Alps"]},{"@type":"Person","@id":"https:\/\/testwp.alps2alps.com\/blog\/#\/schema\/person\/da57083551830057edfd3a924aedbc93","name":"M\u0101rti\u0146\u0161 Heize","image":{"@type":"ImageObject","inLanguage":"en-US","@id":"https:\/\/testwp.alps2alps.com\/blog\/#\/schema\/person\/image\/","url":"https:\/\/secure.gravatar.com\/avatar\/f97af97d636aaefd4ed1e14c97cbb715?s=96&d=mm&r=g","contentUrl":"https:\/\/secure.gravatar.com\/avatar\/f97af97d636aaefd4ed1e14c97cbb715?s=96&d=mm&r=g","caption":"M\u0101rti\u0146\u0161 Heize"}}]}},"_links":{"self":[{"href":"https:\/\/testwp.alps2alps.com\/blog\/wp-json\/wp\/v2\/posts\/2920"}],"collection":[{"href":"https:\/\/testwp.alps2alps.com\/blog\/wp-json\/wp\/v2\/posts"}],"about":[{"href":"https:\/\/testwp.alps2alps.com\/blog\/wp-json\/wp\/v2\/types\/post"}],"author":[{"embeddable":true,"href":"https:\/\/testwp.alps2alps.com\/blog\/wp-json\/wp\/v2\/users\/15"}],"replies":[{"embeddable":true,"href":"https:\/\/testwp.alps2alps.com\/blog\/wp-json\/wp\/v2\/comments?post=2920"}],"version-history":[{"count":0,"href":"https:\/\/testwp.alps2alps.com\/blog\/wp-json\/wp\/v2\/posts\/2920\/revisions"}],"wp:featuredmedia":[{"embeddable":true,"href":"https:\/\/testwp.alps2alps.com\/blog\/wp-json\/wp\/v2\/media\/3260"}],"wp:attachment":[{"href":"https:\/\/testwp.alps2alps.com\/blog\/wp-json\/wp\/v2\/media?parent=2920"}],"wp:term":[{"taxonomy":"category","embeddable":true,"href":"https:\/\/testwp.alps2alps.com\/blog\/wp-json\/wp\/v2\/categories?post=2920"},{"taxonomy":"post_tag","embeddable":true,"href":"https:\/\/testwp.alps2alps.com\/blog\/wp-json\/wp\/v2\/tags?post=2920"}],"curies":[{"name":"wp","href":"https:\/\/api.w.org\/{rel}","templated":true}]}}